{"id":287,"count":2,"description":"","link":"https:\/\/ateca.cl\/index.php\/obra\/quien-tuvo-la-culpa-de-la-muerte-de-maria-gonzalez\/","name":"\u00bfQui\u00e9n tuvo la culpa de la muerte de Mar\u00eda Gonz\u00e1lez?","slug":"quien-tuvo-la-culpa-de-la-muerte-de-maria-gonzalez","taxonomy":"obra","meta":[],"acf":[],"_links":{"self":[{"href":"https:\/\/ateca.cl\/index.php\/wp-json\/wp\/v2\/obra\/287","targetHints":{"allow":["GET"]}}],"collection":[{"href":"https:\/\/ateca.cl\/index.php\/wp-json\/wp\/v2\/obra"}],"about":[{"href":"https:\/\/ateca.cl\/index.php\/wp-json\/wp\/v2\/taxonomies\/obra"}],"wp:post_type":[{"href":"https:\/\/ateca.cl\/index.php\/wp-json\/wp\/v2\/posts?obra=287"},{"href":"https:\/\/ateca.cl\/index.php\/wp-json\/wp\/v2\/pages?obra=287"},{"href":"https:\/\/ateca.cl\/index.php\/wp-json\/wp\/v2\/media?obra=287"}],"curies":[{"name":"wp","href":"https:\/\/api.w.org\/{rel}","templated":true}]}}